{"id":1100,"date":"2024-06-10T17:35:19","date_gmt":"2024-06-10T15:35:19","guid":{"rendered":"https:\/\/www.a-l-institut.fr\/?p=1100"},"modified":"2026-01-30T16:17:14","modified_gmt":"2026-01-30T15:17:14","slug":"en-juin-sublimez-vos-cils","status":"publish","type":"post","link":"https:\/\/www.a-l-institut.fr\/index.php\/2024\/06\/10\/en-juin-sublimez-vos-cils\/","title":{"rendered":"Sublimez vos cils !"},"content":{"rendered":"\n<p>Envie de sublimer vos cils pour l&rsquo;\u00e9t\u00e9 ? Ne cherchez plus !<\/p>\n\n\n\n<p>Avec notre offre incroyable, pour tout Rehaussement de cils + Teinture + Soin \u00e0 la k\u00e9ratine<\/p>\n\n\n\n<p>Offre non cumulable avec d&rsquo;autres prestations. Ne manquez pas cette occasion de magnifier votre regard et de prendre soin de vous ! Contactez-nous d\u00e8s maintenant pour r\u00e9server votre rendez-vous.<\/p>\n\n\n\n<p>Et toujours la possibilit\u00e9 de <strong>prendre vos rendez-vous beaut\u00e9 en ligne<\/strong> gratuitement 24h\/24 &amp; 7j\/7 <a href=\"https:\/\/bit.ly\/2R82XhV\">avec Planity<\/a><\/p>\n\n\n\n<p>A l\u2019Institut \u2013 22 avenue du Colonel No\u00ebl \u2013 04000 DIGNE-LES-BAINS \u2013 T\u00e9l. 04 92 34 18 41<\/p>\n\n\n\n<p><\/p>\n\n\n<div class=\"wp-block-image\">\n<figure class=\"aligncenter size-full\"><img loading=\"lazy\" decoding=\"async\" width=\"600\" height=\"800\" src=\"https:\/\/www.a-l-institut.fr\/wp-content\/uploads\/2024\/06\/OFFRE-JUIN-web.png\" alt=\"\" class=\"wp-image-1096\" srcset=\"https:\/\/www.a-l-institut.fr\/wp-content\/uploads\/2024\/06\/OFFRE-JUIN-web.png 600w, https:\/\/www.a-l-institut.fr\/wp-content\/uploads\/2024\/06\/OFFRE-JUIN-web-225x300.png 225w\" sizes=\"auto, (max-width: 600px) 100vw, 600px\" \/><\/figure>\n<\/div>","protected":false},"excerpt":{"rendered":"<p>Envie de sublimer vos cils pour l&rsquo;\u00e9t\u00e9 ? Ne cherchez plus ! Avec notre offre incroyable, pour tout Rehaussement de cils + Teinture + Soin \u00e0 la k\u00e9ratine Offre non cumulable avec d&rsquo;autres prestations. Ne manquez pas cette occasion de magnifier votre regard et de prendre soin de vous ! Contactez-nous d\u00e8s maintenant pour r\u00e9server&hellip; <a class=\"more-link\" href=\"https:\/\/www.a-l-institut.fr\/index.php\/2024\/06\/10\/en-juin-sublimez-vos-cils\/\">Lire plus <span class=\"screen-reader-text\">Sublimez vos cils !<\/span><\/a><\/p>\n","protected":false},"author":1,"featured_media":1096,"comment_status":"closed","ping_status":"closed","sticky":false,"template":"","format":"standard","meta":{"footnotes":""},"categories":[5],"tags":[],"class_list":["post-1100","post","type-post","status-publish","format-standard","has-post-thumbnail","hentry","category-nouveaute"],"_links":{"self":[{"href":"https:\/\/www.a-l-institut.fr\/index.php\/wp-json\/wp\/v2\/posts\/1100","targetHints":{"allow":["GET"]}}],"collection":[{"href":"https:\/\/www.a-l-institut.fr\/index.php\/wp-json\/wp\/v2\/posts"}],"about":[{"href":"https:\/\/www.a-l-institut.fr\/index.php\/wp-json\/wp\/v2\/types\/post"}],"author":[{"embeddable":true,"href":"https:\/\/www.a-l-institut.fr\/index.php\/wp-json\/wp\/v2\/users\/1"}],"replies":[{"embeddable":true,"href":"https:\/\/www.a-l-institut.fr\/index.php\/wp-json\/wp\/v2\/comments?post=1100"}],"version-history":[{"count":2,"href":"https:\/\/www.a-l-institut.fr\/index.php\/wp-json\/wp\/v2\/posts\/1100\/revisions"}],"predecessor-version":[{"id":1180,"href":"https:\/\/www.a-l-institut.fr\/index.php\/wp-json\/wp\/v2\/posts\/1100\/revisions\/1180"}],"wp:featuredmedia":[{"embeddable":true,"href":"https:\/\/www.a-l-institut.fr\/index.php\/wp-json\/wp\/v2\/media\/1096"}],"wp:attachment":[{"href":"https:\/\/www.a-l-institut.fr\/index.php\/wp-json\/wp\/v2\/media?parent=1100"}],"wp:term":[{"taxonomy":"category","embeddable":true,"href":"https:\/\/www.a-l-institut.fr\/index.php\/wp-json\/wp\/v2\/categories?post=1100"},{"taxonomy":"post_tag","embeddable":true,"href":"https:\/\/www.a-l-institut.fr\/index.php\/wp-json\/wp\/v2\/tags?post=1100"}],"curies":[{"name":"wp","href":"https:\/\/api.w.org\/{rel}","templated":true}]}}