{"id":1181,"date":"2026-01-30T16:32:09","date_gmt":"2026-01-30T15:32:09","guid":{"rendered":"https:\/\/www.a-l-institut.fr\/?p=1181"},"modified":"2026-01-30T16:32:13","modified_gmt":"2026-01-30T15:32:13","slug":"et-si-vous-pensiez-enfin-a-votre-peau","status":"publish","type":"post","link":"https:\/\/www.a-l-institut.fr\/index.php\/2026\/01\/30\/et-si-vous-pensiez-enfin-a-votre-peau\/","title":{"rendered":"Et si vous pensiez (enfin) \u00e0 votre peau\u00a0?"},"content":{"rendered":"\n<p>Apr\u00e8s les f\u00eates, votre visage m\u00e9rite autant d\u2019attention que vous.<\/p>\n\n\n\n<p>Hydratation, \u00e9clat, r\u00e9paration, effet liftant, anti-\u00e2ge\u2026 nos soins visage sont l\u00e0 pour r\u00e9pondre \u00e0 chaque besoin, avec des protocoles personnalis\u00e9s et un vrai moment de l\u00e2cher-prise.<\/p>\n\n\n\n<p>Petit rappel tout doux&nbsp;:<\/p>\n\n\n\n<p>Vous avez re\u00e7u une carte cadeau ? C\u2019est le moment id\u00e9al pour l\u2019utiliser et transformer ce cadeau en peau lumineuse (et en parenth\u00e8se bien-\u00eatre, au passage).<\/p>\n\n\n\n<ul class=\"wp-block-list\">\n<li>Soin \u00e9quilibre, mutipeel, active repair, esthe lift, excellage, photorajeunissement\u2026<\/li>\n<\/ul>\n\n\n\n<p>On vous aide \u00e0 choisir LE soin fait pour vous lors de votre diagnostic.<\/p>\n\n\n\n<p>Pensez \u00e0 r\u00e9server votre rendez-vous sur <a href=\"https:\/\/bit.ly\/2R82XhV\">Planity<\/a><\/p>\n\n\n\n<p>Votre peau vous dira merci<\/p>\n","protected":false},"excerpt":{"rendered":"<p>Apr\u00e8s les f\u00eates, votre visage m\u00e9rite autant d\u2019attention que vous. Hydratation, \u00e9clat, r\u00e9paration, effet liftant, anti-\u00e2ge\u2026 nos soins visage sont l\u00e0 pour r\u00e9pondre \u00e0 chaque besoin, avec des protocoles personnalis\u00e9s et un vrai moment de l\u00e2cher-prise. Petit rappel tout doux&nbsp;: Vous avez re\u00e7u une carte cadeau ? C\u2019est le moment id\u00e9al pour l\u2019utiliser et transformer&hellip; <a class=\"more-link\" href=\"https:\/\/www.a-l-institut.fr\/index.php\/2026\/01\/30\/et-si-vous-pensiez-enfin-a-votre-peau\/\">Lire plus <span class=\"screen-reader-text\">Et si vous pensiez (enfin) \u00e0 votre peau\u00a0?<\/span><\/a><\/p>\n","protected":false},"author":1,"featured_media":1182,"comment_status":"closed","ping_status":"closed","sticky":false,"template":"","format":"standard","meta":{"footnotes":""},"categories":[5],"tags":[],"class_list":["post-1181","post","type-post","status-publish","format-standard","has-post-thumbnail","hentry","category-nouveaute"],"_links":{"self":[{"href":"https:\/\/www.a-l-institut.fr\/index.php\/wp-json\/wp\/v2\/posts\/1181","targetHints":{"allow":["GET"]}}],"collection":[{"href":"https:\/\/www.a-l-institut.fr\/index.php\/wp-json\/wp\/v2\/posts"}],"about":[{"href":"https:\/\/www.a-l-institut.fr\/index.php\/wp-json\/wp\/v2\/types\/post"}],"author":[{"embeddable":true,"href":"https:\/\/www.a-l-institut.fr\/index.php\/wp-json\/wp\/v2\/users\/1"}],"replies":[{"embeddable":true,"href":"https:\/\/www.a-l-institut.fr\/index.php\/wp-json\/wp\/v2\/comments?post=1181"}],"version-history":[{"count":2,"href":"https:\/\/www.a-l-institut.fr\/index.php\/wp-json\/wp\/v2\/posts\/1181\/revisions"}],"predecessor-version":[{"id":1184,"href":"https:\/\/www.a-l-institut.fr\/index.php\/wp-json\/wp\/v2\/posts\/1181\/revisions\/1184"}],"wp:featuredmedia":[{"embeddable":true,"href":"https:\/\/www.a-l-institut.fr\/index.php\/wp-json\/wp\/v2\/media\/1182"}],"wp:attachment":[{"href":"https:\/\/www.a-l-institut.fr\/index.php\/wp-json\/wp\/v2\/media?parent=1181"}],"wp:term":[{"taxonomy":"category","embeddable":true,"href":"https:\/\/www.a-l-institut.fr\/index.php\/wp-json\/wp\/v2\/categories?post=1181"},{"taxonomy":"post_tag","embeddable":true,"href":"https:\/\/www.a-l-institut.fr\/index.php\/wp-json\/wp\/v2\/tags?post=1181"}],"curies":[{"name":"wp","href":"https:\/\/api.w.org\/{rel}","templated":true}]}}